{"id":17329,"date":"2016-03-22T15:09:35","date_gmt":"2016-03-22T18:09:35","guid":{"rendered":"http:\/\/www.riogrande.rs.gov.br\/smed\/?p=17329"},"modified":"2016-03-22T15:09:35","modified_gmt":"2016-03-22T18:09:35","slug":"prefeito-recebe-pais-e-alunos-da-escola-municipal-bilingue-carmen-teixeira-baldino","status":"publish","type":"post","link":"https:\/\/www.riogrande.rs.gov.br\/smed\/?p=17329","title":{"rendered":"PREFEITO RECEBE PAIS E ALUNOS DA ESCOLA MUNICIPAL BIL\u00cdNGUE CARMEN TEIXEIRA BALDINO"},"content":{"rendered":"<div id=\"attachment_17330\" style=\"width: 495px\" class=\"wp-caption aligncenter\"><img loading=\"lazy\" decoding=\"async\" aria-describedby=\"caption-attachment-17330\" class=\"size-medium wp-image-17330\" src=\"http:\/\/www.riogrande.rs.gov.br\/smed\/wp-content\/uploads\/2016\/03\/20160322-pmrg2-485x323.jpg\" alt=\"Divulga\u00e7\u00e3o PMRG\" width=\"485\" height=\"323\" srcset=\"https:\/\/www.riogrande.rs.gov.br\/smed\/wp-content\/uploads\/2016\/03\/20160322-pmrg2-485x323.jpg 485w, https:\/\/www.riogrande.rs.gov.br\/smed\/wp-content\/uploads\/2016\/03\/20160322-pmrg2-311x207.jpg 311w, https:\/\/www.riogrande.rs.gov.br\/smed\/wp-content\/uploads\/2016\/03\/20160322-pmrg2.jpg 700w\" sizes=\"(max-width: 485px) 100vw, 485px\" \/><p id=\"caption-attachment-17330\" class=\"wp-caption-text\">Divulga\u00e7\u00e3o PMRG<\/p><\/div>\n<p>Fonte: <strong><a href=\"http:\/\/www.riogrande.rs.gov.br\/pagina\/index.php\/noticias\/detalhes+1247cc1,,prefeito-recebe-pais-e-alunos-da-escola-municipal-bilingue-carmen-teixeira-baldino.html#.VvGJ4XUrKK5\" target=\"_blank\">www.riogrande.rs.gov.br<\/a><\/strong><\/p>\n<p class=\"sizeable\" style=\"text-align: justify;\">O prefeito Alexandre Lindenmeyer recebeu na tarde desta segunda-feira (21), na Sala de Reuni\u00f5es da Prefeitura, pais e alunos da Escola Municipal Bil\u00edngue Carmen Teixeira Baldino. A escola foi criada em 5 de fevereiro de 2015, por meio de Decreto Municipal, e \u00e9 a primeira escola municipal bil\u00edngue do pa\u00eds.<\/p>\n<p class=\"sizeable\" style=\"text-align: justify;\"><!--more--><\/p>\n<p class=\"sizeable\" style=\"text-align: justify;\">\n<p class=\"sizeable\" style=\"text-align: justify;\">Na pauta da reuni\u00e3o estava a demanda por novas vagas para a Educa\u00e7\u00e3o Infantil no local, al\u00e9m da amplia\u00e7\u00e3o da estrutura da escola. H\u00e1 mais alunos matriculados para a Educa\u00e7\u00e3o Infantil do que atualmente esta pode atender.<\/p>\n<p class=\"sizeable\" style=\"text-align: justify;\">Uma reuni\u00e3o de retorno com os pais de alunos foi marcada para o dia 30 de mar\u00e7o. Na oportunidade, o prefeito e o secret\u00e1rio de Educa\u00e7\u00e3o, Andr\u00e9 Lemes, debater\u00e3o junto \u00e0 administra\u00e7\u00e3o da escola e dos pais de alunos alternativas que possam atender \u00e0s demandas da Educa\u00e7\u00e3o Bil\u00edngue no Munic\u00edpio.<\/p>\n<p class=\"sizeable\" style=\"text-align: justify;\">Atualmente a Escola funciona nas instala\u00e7\u00f5es da Escola Viva, na Av. Portugal, e atende alunos da Educa\u00e7\u00e3o Infantil (integral), Ensino Fundamental (manh\u00e3 e tarde) e Ensino de Jovens e Adultos (noturno).<\/p>\n<p class=\"sizeable\" style=\"text-align: right;\"><em><strong>Assessoria de Comunica\u00e7\u00e3o\/PMRG<\/strong><\/em><\/p>\n","protected":false},"excerpt":{"rendered":"<p>Fonte: www.riogrande.rs.gov.br O prefeito Alexandre Lindenmeyer recebeu na tarde desta segunda-feira (21), na Sala de Reuni\u00f5es da Prefeitura, pais e alunos da Escola Municipal Bil\u00edngue Carmen Teixeira Baldino. A escola foi criada em 5 de fevereiro de 2015, por meio de Decreto Municipal, e \u00e9 a primeira escola municipal bil\u00edngue do pa\u00eds.<\/p>\n","protected":false},"author":7,"featured_media":0,"comment_status":"closed","ping_status":"closed","sticky":false,"template":"","format":"standard","meta":{"footnotes":""},"categories":[1],"tags":[],"class_list":["post-17329","post","type-post","status-publish","format-standard","hentry","category-noticias"],"_links":{"self":[{"href":"https:\/\/www.riogrande.rs.gov.br\/smed\/index.php?rest_route=\/wp\/v2\/posts\/17329"}],"collection":[{"href":"https:\/\/www.riogrande.rs.gov.br\/smed\/index.php?rest_route=\/wp\/v2\/posts"}],"about":[{"href":"https:\/\/www.riogrande.rs.gov.br\/smed\/index.php?rest_route=\/wp\/v2\/types\/post"}],"author":[{"embeddable":true,"href":"https:\/\/www.riogrande.rs.gov.br\/smed\/index.php?rest_route=\/wp\/v2\/users\/7"}],"replies":[{"embeddable":true,"href":"https:\/\/www.riogrande.rs.gov.br\/smed\/index.php?rest_route=%2Fwp%2Fv2%2Fcomments&post=17329"}],"version-history":[{"count":1,"href":"https:\/\/www.riogrande.rs.gov.br\/smed\/index.php?rest_route=\/wp\/v2\/posts\/17329\/revisions"}],"predecessor-version":[{"id":17331,"href":"https:\/\/www.riogrande.rs.gov.br\/smed\/index.php?rest_route=\/wp\/v2\/posts\/17329\/revisions\/17331"}],"wp:attachment":[{"href":"https:\/\/www.riogrande.rs.gov.br\/smed\/index.php?rest_route=%2Fwp%2Fv2%2Fmedia&parent=17329"}],"wp:term":[{"taxonomy":"category","embeddable":true,"href":"https:\/\/www.riogrande.rs.gov.br\/smed\/index.php?rest_route=%2Fwp%2Fv2%2Fcategories&post=17329"},{"taxonomy":"post_tag","embeddable":true,"href":"https:\/\/www.riogrande.rs.gov.br\/smed\/index.php?rest_route=%2Fwp%2Fv2%2Ftags&post=17329"}],"curies":[{"name":"wp","href":"https:\/\/api.w.org\/{rel}","templated":true}]}}