{"id":16678,"date":"2015-12-08T16:55:45","date_gmt":"2015-12-08T18:55:45","guid":{"rendered":"http:\/\/www.riogrande.rs.gov.br\/smed\/?p=16678"},"modified":"2015-12-08T16:55:45","modified_gmt":"2015-12-08T18:55:45","slug":"emef-manoel-mano-realizou-xv-mostra-artistica-e-cultural-no-dia-05","status":"publish","type":"post","link":"https:\/\/www.riogrande.rs.gov.br\/smed\/?p=16678","title":{"rendered":"EMEF Manoel Mano realizou XV Mostra Art\u00edstica e Cultural, no dia 05"},"content":{"rendered":"\n\t\t<style type=\"text\/css\">\n\t\t\t#gallery-1 {\n\t\t\t\tmargin: auto;\n\t\t\t}\n\t\t\t#gallery-1 .gallery-item {\n\t\t\t\tfloat: left;\n\t\t\t\tmargin-top: 10px;\n\t\t\t\ttext-align: center;\n\t\t\t\twidth: 50%;\n\t\t\t}\n\t\t\t#gallery-1 img {\n\t\t\t\tborder: 2px solid #cfcfcf;\n\t\t\t}\n\t\t\t#gallery-1 .gallery-caption {\n\t\t\t\tmargin-left: 0;\n\t\t\t}\n\t\t\t\/* see gallery_shortcode() in wp-includes\/media.php *\/\n\t\t<\/style>\n\t\t<div id='gallery-1' class='gallery galleryid-16678 gallery-columns-2 gallery-size-thumbnail'><dl class='gallery-item'>\n\t\t\t<dt class='gallery-icon landscape'>\n\t\t\t\t<a href='https:\/\/www.riogrande.rs.gov.br\/smed\/wp-content\/uploads\/2015\/12\/20151208-ped-manoel_mano-image00.jpg' rel=\"lightbox[16678]\"><img loading=\"lazy\" decoding=\"async\" width=\"150\" height=\"150\" src=\"https:\/\/www.riogrande.rs.gov.br\/smed\/wp-content\/uploads\/2015\/12\/20151208-ped-manoel_mano-image00-150x150.jpg\" class=\"attachment-thumbnail size-thumbnail\" alt=\"\" aria-describedby=\"gallery-1-16679\" \/><\/a>\n\t\t\t<\/dt>\n\t\t\t\t<dd class='wp-caption-text gallery-caption' id='gallery-1-16679'>\n\t\t\t\tCr\u00e9dito: EMEF Manoel Mano\n\t\t\t\t<\/dd><\/dl><dl class='gallery-item'>\n\t\t\t<dt class='gallery-icon portrait'>\n\t\t\t\t<a href='https:\/\/www.riogrande.rs.gov.br\/smed\/wp-content\/uploads\/2015\/12\/20151208-ped-manoel_mano-image01.jpg' rel=\"lightbox[16678]\"><img loading=\"lazy\" decoding=\"async\" width=\"150\" height=\"150\" src=\"https:\/\/www.riogrande.rs.gov.br\/smed\/wp-content\/uploads\/2015\/12\/20151208-ped-manoel_mano-image01-150x150.jpg\" class=\"attachment-thumbnail size-thumbnail\" alt=\"\" aria-describedby=\"gallery-1-16680\" \/><\/a>\n\t\t\t<\/dt>\n\t\t\t\t<dd class='wp-caption-text gallery-caption' id='gallery-1-16680'>\n\t\t\t\tCr\u00e9dito: EMEF Manoel Mano\n\t\t\t\t<\/dd><\/dl><br style=\"clear: both\" \/><dl class='gallery-item'>\n\t\t\t<dt class='gallery-icon landscape'>\n\t\t\t\t<a href='https:\/\/www.riogrande.rs.gov.br\/smed\/wp-content\/uploads\/2015\/12\/20151208-ped-manoel_mano-image02.jpg' rel=\"lightbox[16678]\"><img loading=\"lazy\" decoding=\"async\" width=\"150\" height=\"150\" src=\"https:\/\/www.riogrande.rs.gov.br\/smed\/wp-content\/uploads\/2015\/12\/20151208-ped-manoel_mano-image02-150x150.jpg\" class=\"attachment-thumbnail size-thumbnail\" alt=\"\" aria-describedby=\"gallery-1-16681\" \/><\/a>\n\t\t\t<\/dt>\n\t\t\t\t<dd class='wp-caption-text gallery-caption' id='gallery-1-16681'>\n\t\t\t\tCr\u00e9dito: EMEF Manoel Mano\n\t\t\t\t<\/dd><\/dl><dl class='gallery-item'>\n\t\t\t<dt class='gallery-icon landscape'>\n\t\t\t\t<a href='https:\/\/www.riogrande.rs.gov.br\/smed\/wp-content\/uploads\/2015\/12\/20151208-ped-manoel_mano-image03.jpg' rel=\"lightbox[16678]\"><img loading=\"lazy\" decoding=\"async\" width=\"150\" height=\"150\" src=\"https:\/\/www.riogrande.rs.gov.br\/smed\/wp-content\/uploads\/2015\/12\/20151208-ped-manoel_mano-image03-150x150.jpg\" class=\"attachment-thumbnail size-thumbnail\" alt=\"\" aria-describedby=\"gallery-1-16682\" \/><\/a>\n\t\t\t<\/dt>\n\t\t\t\t<dd class='wp-caption-text gallery-caption' id='gallery-1-16682'>\n\t\t\t\tCr\u00e9dito: EMEF Manoel Mano\n\t\t\t\t<\/dd><\/dl><br style=\"clear: both\" \/><dl class='gallery-item'>\n\t\t\t<dt class='gallery-icon landscape'>\n\t\t\t\t<a href='https:\/\/www.riogrande.rs.gov.br\/smed\/wp-content\/uploads\/2015\/12\/20151208-ped-manoel_mano-image04.jpg' rel=\"lightbox[16678]\"><img loading=\"lazy\" decoding=\"async\" width=\"150\" height=\"150\" src=\"https:\/\/www.riogrande.rs.gov.br\/smed\/wp-content\/uploads\/2015\/12\/20151208-ped-manoel_mano-image04-150x150.jpg\" class=\"attachment-thumbnail size-thumbnail\" alt=\"\" aria-describedby=\"gallery-1-16683\" \/><\/a>\n\t\t\t<\/dt>\n\t\t\t\t<dd class='wp-caption-text gallery-caption' id='gallery-1-16683'>\n\t\t\t\tCr\u00e9dito: EMEF Manoel Mano\n\t\t\t\t<\/dd><\/dl><dl class='gallery-item'>\n\t\t\t<dt class='gallery-icon landscape'>\n\t\t\t\t<a href='https:\/\/www.riogrande.rs.gov.br\/smed\/wp-content\/uploads\/2015\/12\/20151208-ped-manoel_mano-image05.jpg' rel=\"lightbox[16678]\"><img loading=\"lazy\" decoding=\"async\" width=\"150\" height=\"150\" src=\"https:\/\/www.riogrande.rs.gov.br\/smed\/wp-content\/uploads\/2015\/12\/20151208-ped-manoel_mano-image05-150x150.jpg\" class=\"attachment-thumbnail size-thumbnail\" alt=\"\" aria-describedby=\"gallery-1-16684\" \/><\/a>\n\t\t\t<\/dt>\n\t\t\t\t<dd class='wp-caption-text gallery-caption' id='gallery-1-16684'>\n\t\t\t\tCr\u00e9dito: EMEF Manoel Mano\n\t\t\t\t<\/dd><\/dl><br style=\"clear: both\" \/><dl class='gallery-item'>\n\t\t\t<dt class='gallery-icon landscape'>\n\t\t\t\t<a href='https:\/\/www.riogrande.rs.gov.br\/smed\/wp-content\/uploads\/2015\/12\/20151208-ped-manoel_mano-image06.jpg' rel=\"lightbox[16678]\"><img loading=\"lazy\" decoding=\"async\" width=\"150\" height=\"150\" src=\"https:\/\/www.riogrande.rs.gov.br\/smed\/wp-content\/uploads\/2015\/12\/20151208-ped-manoel_mano-image06-150x150.jpg\" class=\"attachment-thumbnail size-thumbnail\" alt=\"\" aria-describedby=\"gallery-1-16685\" \/><\/a>\n\t\t\t<\/dt>\n\t\t\t\t<dd class='wp-caption-text gallery-caption' id='gallery-1-16685'>\n\t\t\t\tCr\u00e9dito: EMEF Manoel Mano\n\t\t\t\t<\/dd><\/dl><dl class='gallery-item'>\n\t\t\t<dt class='gallery-icon landscape'>\n\t\t\t\t<a href='https:\/\/www.riogrande.rs.gov.br\/smed\/wp-content\/uploads\/2015\/12\/20151208-ped-manoel_mano-image07.jpg' rel=\"lightbox[16678]\"><img loading=\"lazy\" decoding=\"async\" width=\"150\" height=\"150\" src=\"https:\/\/www.riogrande.rs.gov.br\/smed\/wp-content\/uploads\/2015\/12\/20151208-ped-manoel_mano-image07-150x150.jpg\" class=\"attachment-thumbnail size-thumbnail\" alt=\"\" aria-describedby=\"gallery-1-16686\" \/><\/a>\n\t\t\t<\/dt>\n\t\t\t\t<dd class='wp-caption-text gallery-caption' id='gallery-1-16686'>\n\t\t\t\tCr\u00e9dito: EMEF Manoel Mano\n\t\t\t\t<\/dd><\/dl><br style=\"clear: both\" \/>\n\t\t<\/div>\n\n<p style=\"text-align: justify;\"><span style=\"font-weight: 400;\">No \u00faltimo s\u00e1bado, <\/span><b>05 de novembro<\/b><span style=\"font-weight: 400;\">, a Escola Municipal de Ensino Fundamental <\/span><b>Manoel Martins Mano<\/b><span style=\"font-weight: 400;\">, que est\u00e1 localizada no bairro Parque S\u00e3o Pedro, realizou a sua <\/span><b>XV Mostra Art\u00edstica e Cultural<\/b><span style=\"font-weight: 400;\">, cujo tema foi \u201c<\/span><b>Mem\u00f3rias Pedag\u00f3gicas; 15 anos de Hist\u00f3ria<\/b><span style=\"font-weight: 400;\">\u201d.<\/span><\/p>\n<p style=\"text-align: justify;\"><!--more--><\/p>\n<p style=\"text-align: justify;\">\n<p style=\"text-align: justify;\"><span style=\"font-weight: 400;\">O evento contou exposi\u00e7\u00e3o dos trabalhos desenvolvidos durante o ano letivo, al\u00e9m da apresenta\u00e7\u00e3o das turmas, Banda, Invernada, Gin\u00e1stica, Futsal \u2013 para a reinaugura\u00e7\u00e3o da Quadra Esportiva, Escolinha de Tr\u00e2nsito, uma deliciosa gastronomia e a chegada do Papai Noel.<\/span><\/p>\n<p style=\"text-align: justify;\"><span style=\"font-weight: 400;\">O secret\u00e1rio de Munic\u00edpio da Educa\u00e7\u00e3o, Andr\u00e9 Lemes da Silva, e o N\u00facleo de Tecnologia Municipal (NTM), atrav\u00e9s de suas assessoras e do \u00d4nibus de Inclus\u00e3o Digital, tamb\u00e9m prestigiaram a <\/span><span style=\"font-weight: 400;\">XV Mostra Art\u00edstica e Cultural da EMEF Manoel Martins Mano.<\/span><\/p>\n<p style=\"text-align: right;\"><em>SMEd<\/em><br \/>\n<em> Roberton Reis<\/em><\/p>\n","protected":false},"excerpt":{"rendered":"<p>No \u00faltimo s\u00e1bado, 05 de novembro, a Escola Municipal de Ensino Fundamental Manoel Martins Mano, que est\u00e1 localizada no bairro Parque S\u00e3o Pedro, realizou a sua XV Mostra Art\u00edstica e Cultural, cujo tema foi \u201cMem\u00f3rias Pedag\u00f3gicas; 15 anos de Hist\u00f3ria\u201d.<\/p>\n","protected":false},"author":7,"featured_media":0,"comment_status":"closed","ping_status":"closed","sticky":false,"template":"","format":"standard","meta":{"footnotes":""},"categories":[1,13],"tags":[],"class_list":["post-16678","post","type-post","status-publish","format-standard","hentry","category-noticias","category-pedagogico"],"_links":{"self":[{"href":"https:\/\/www.riogrande.rs.gov.br\/smed\/index.php?rest_route=\/wp\/v2\/posts\/16678"}],"collection":[{"href":"https:\/\/www.riogrande.rs.gov.br\/smed\/index.php?rest_route=\/wp\/v2\/posts"}],"about":[{"href":"https:\/\/www.riogrande.rs.gov.br\/smed\/index.php?rest_route=\/wp\/v2\/types\/post"}],"author":[{"embeddable":true,"href":"https:\/\/www.riogrande.rs.gov.br\/smed\/index.php?rest_route=\/wp\/v2\/users\/7"}],"replies":[{"embeddable":true,"href":"https:\/\/www.riogrande.rs.gov.br\/smed\/index.php?rest_route=%2Fwp%2Fv2%2Fcomments&post=16678"}],"version-history":[{"count":1,"href":"https:\/\/www.riogrande.rs.gov.br\/smed\/index.php?rest_route=\/wp\/v2\/posts\/16678\/revisions"}],"predecessor-version":[{"id":16687,"href":"https:\/\/www.riogrande.rs.gov.br\/smed\/index.php?rest_route=\/wp\/v2\/posts\/16678\/revisions\/16687"}],"wp:attachment":[{"href":"https:\/\/www.riogrande.rs.gov.br\/smed\/index.php?rest_route=%2Fwp%2Fv2%2Fmedia&parent=16678"}],"wp:term":[{"taxonomy":"category","embeddable":true,"href":"https:\/\/www.riogrande.rs.gov.br\/smed\/index.php?rest_route=%2Fwp%2Fv2%2Fcategories&post=16678"},{"taxonomy":"post_tag","embeddable":true,"href":"https:\/\/www.riogrande.rs.gov.br\/smed\/index.php?rest_route=%2Fwp%2Fv2%2Ftags&post=16678"}],"curies":[{"name":"wp","href":"https:\/\/api.w.org\/{rel}","templated":true}]}}