{"id":16670,"date":"2015-12-07T17:15:10","date_gmt":"2015-12-07T19:15:10","guid":{"rendered":"http:\/\/www.riogrande.rs.gov.br\/smed\/?p=16670"},"modified":"2015-12-07T17:15:10","modified_gmt":"2015-12-07T19:15:10","slug":"emef-porto-seguro-realizara-a-apresentacao-do-projeto-cantando-tambem-se-aprende-no-dia-09","status":"publish","type":"post","link":"https:\/\/www.riogrande.rs.gov.br\/smed\/?p=16670","title":{"rendered":"EMEF Porto Seguro realizar\u00e1 a apresenta\u00e7\u00e3o do Projeto \u201cCantando tamb\u00e9m se aprende\u201d, no dia 09"},"content":{"rendered":"<p style=\"text-align: justify;\"><span style=\"font-weight: 400;\">A Escola Municipal de Ensino Fundamental <\/span><b>Porto Seguro<\/b><span style=\"font-weight: 400;\">, que est\u00e1 localizada no bairro Parque Marinha, realizar\u00e1 no dia <\/span><b>09 de dezembr<\/b><span style=\"font-weight: 400;\">o, \u00e0s <\/span><b>9h30<\/b><span style=\"font-weight: 400;\">, a apresenta\u00e7\u00e3o do Projeto \u201c<\/span><b>Cantando tamb\u00e9m se aprende<\/b><span style=\"font-weight: 400;\">\u201d.<\/span><\/p>\n<p style=\"text-align: justify;\"><!--more--><\/p>\n<p style=\"text-align: justify;\">\n<p style=\"text-align: justify;\"><span style=\"font-weight: 400;\">A apresenta\u00e7\u00e3o, que acontecer\u00e1 no audit\u00f3rio da EMEF Porto Seguro, ficar\u00e1 a cargo da turma do 4\u00ba Ano \u201cA\u201d, sob a coordena\u00e7\u00e3o da professora Vilma Pedrotti Dutra.<\/span><\/p>\n<p style=\"text-align: right;\"><em>SMEd<\/em><br \/>\n<em> EMEF Porto Seguro<\/em><\/p>\n","protected":false},"excerpt":{"rendered":"<p>A Escola Municipal de Ensino Fundamental Porto Seguro, que est\u00e1 localizada no bairro Parque Marinha, realizar\u00e1 no dia 09 de dezembro, \u00e0s 9h30, a apresenta\u00e7\u00e3o do Projeto \u201cCantando tamb\u00e9m se aprende\u201d.<\/p>\n","protected":false},"author":7,"featured_media":0,"comment_status":"closed","ping_status":"closed","sticky":false,"template":"","format":"standard","meta":{"footnotes":""},"categories":[1,13],"tags":[],"class_list":["post-16670","post","type-post","status-publish","format-standard","hentry","category-noticias","category-pedagogico"],"_links":{"self":[{"href":"https:\/\/www.riogrande.rs.gov.br\/smed\/index.php?rest_route=\/wp\/v2\/posts\/16670"}],"collection":[{"href":"https:\/\/www.riogrande.rs.gov.br\/smed\/index.php?rest_route=\/wp\/v2\/posts"}],"about":[{"href":"https:\/\/www.riogrande.rs.gov.br\/smed\/index.php?rest_route=\/wp\/v2\/types\/post"}],"author":[{"embeddable":true,"href":"https:\/\/www.riogrande.rs.gov.br\/smed\/index.php?rest_route=\/wp\/v2\/users\/7"}],"replies":[{"embeddable":true,"href":"https:\/\/www.riogrande.rs.gov.br\/smed\/index.php?rest_route=%2Fwp%2Fv2%2Fcomments&post=16670"}],"version-history":[{"count":1,"href":"https:\/\/www.riogrande.rs.gov.br\/smed\/index.php?rest_route=\/wp\/v2\/posts\/16670\/revisions"}],"predecessor-version":[{"id":16671,"href":"https:\/\/www.riogrande.rs.gov.br\/smed\/index.php?rest_route=\/wp\/v2\/posts\/16670\/revisions\/16671"}],"wp:attachment":[{"href":"https:\/\/www.riogrande.rs.gov.br\/smed\/index.php?rest_route=%2Fwp%2Fv2%2Fmedia&parent=16670"}],"wp:term":[{"taxonomy":"category","embeddable":true,"href":"https:\/\/www.riogrande.rs.gov.br\/smed\/index.php?rest_route=%2Fwp%2Fv2%2Fcategories&post=16670"},{"taxonomy":"post_tag","embeddable":true,"href":"https:\/\/www.riogrande.rs.gov.br\/smed\/index.php?rest_route=%2Fwp%2Fv2%2Ftags&post=16670"}],"curies":[{"name":"wp","href":"https:\/\/api.w.org\/{rel}","templated":true}]}}