{"id":16666,"date":"2015-12-07T17:12:12","date_gmt":"2015-12-07T19:12:12","guid":{"rendered":"http:\/\/www.riogrande.rs.gov.br\/smed\/?p=16666"},"modified":"2015-12-07T17:12:12","modified_gmt":"2015-12-07T19:12:12","slug":"periodo-de-matriculas-da-eja-na-rede-municipal-encerra-no-dia-20","status":"publish","type":"post","link":"https:\/\/www.riogrande.rs.gov.br\/smed\/?p=16666","title":{"rendered":"Per\u00edodo de Matr\u00edculas da EJA na Rede Municipal encerra no dia 20"},"content":{"rendered":"<div id=\"attachment_16667\" style=\"width: 495px\" class=\"wp-caption aligncenter\"><a href=\"http:\/\/www.riogrande.rs.gov.br\/smed\/wp-content\/uploads\/2015\/12\/20151207-eja_imagem.jpg\" rel=\"lightbox[16666]\"><img loading=\"lazy\" decoding=\"async\" aria-describedby=\"caption-attachment-16667\" class=\"size-medium wp-image-16667\" src=\"http:\/\/www.riogrande.rs.gov.br\/smed\/wp-content\/uploads\/2015\/12\/20151207-eja_imagem-485x177.jpg\" alt=\"Divulga\u00e7\u00e3o\" width=\"485\" height=\"177\" srcset=\"https:\/\/www.riogrande.rs.gov.br\/smed\/wp-content\/uploads\/2015\/12\/20151207-eja_imagem-485x177.jpg 485w, https:\/\/www.riogrande.rs.gov.br\/smed\/wp-content\/uploads\/2015\/12\/20151207-eja_imagem-568x207.jpg 568w, https:\/\/www.riogrande.rs.gov.br\/smed\/wp-content\/uploads\/2015\/12\/20151207-eja_imagem.jpg 1094w\" sizes=\"(max-width: 485px) 100vw, 485px\" \/><\/a><p id=\"caption-attachment-16667\" class=\"wp-caption-text\">Divulga\u00e7\u00e3o<\/p><\/div>\n<p style=\"text-align: justify;\"><span style=\"font-weight: 400;\">A Secretaria de Munic\u00edpio da Educa\u00e7\u00e3o de Rio Grande (SMEd), atrav\u00e9s do <\/span><b>N\u00facleo de Educa\u00e7\u00e3o de Jovens e Adultos<\/b><span style=\"font-weight: 400;\"> (EJA), informa que o per\u00edodo de <\/span><b>matr\u00edculas para a Modalidade de Ensino EJA<\/b><span style=\"font-weight: 400;\">, no turno da noite, na rede p\u00fablica municipal de ensino, encerra no <\/span><b>dia 20 de dezembro<\/b><span style=\"font-weight: 400;\">.<\/span><\/p>\n<p style=\"text-align: justify;\"><!--more--><\/p>\n<p style=\"text-align: justify;\">\n<p style=\"text-align: justify;\"><span style=\"font-weight: 400;\">A EJA na cidade do Rio Grande \u00e9 semestral e est\u00e1 dividida em dois blocos:<\/span><\/p>\n<ul>\n<li><span style=\"font-weight: 400;\">I Bloco \u2013 4 etapas (anos iniciais);<\/span><\/li>\n<li><span style=\"font-weight: 400;\">II Bloco \u2013 4 etapas (anos finais).<\/span><\/li>\n<\/ul>\n<p style=\"text-align: justify;\"><span style=\"font-weight: 400;\">A matr\u00edcula deve ser realizada na escola em que o aluno deseje frequentar. Para ter acesso \u00e0 lista das escolas da rede municipal que oferecem a Modalidade de Ensino EJA, bem como saber quais s\u00e3o os documentos necess\u00e1rios para realizar a matr\u00edcula na EJA, acesse o <\/span><b><a href=\"http:\/\/www.riogrande.rs.gov.br\/smed\/wp-content\/uploads\/2015\/12\/20151207-cartaz_eja.pdf\" target=\"_blank\">cartaz<\/a><\/b> <span style=\"font-weight: 400;\">que est\u00e1 sendo veiculado nos \u00f4nibus da cidade.<\/span><\/p>\n<p style=\"text-align: right;\"><em>SMEd<\/em><br \/>\n<em> N\u00facleo da EJA<\/em><\/p>\n","protected":false},"excerpt":{"rendered":"<p>A Secretaria de Munic\u00edpio da Educa\u00e7\u00e3o de Rio Grande (SMEd), atrav\u00e9s do N\u00facleo de Educa\u00e7\u00e3o de Jovens e Adultos (EJA), informa que o per\u00edodo de matr\u00edculas para a Modalidade de Ensino EJA, no turno da noite, na rede p\u00fablica municipal de ensino, encerra no dia 20 de dezembro.<\/p>\n","protected":false},"author":7,"featured_media":0,"comment_status":"closed","ping_status":"closed","sticky":false,"template":"","format":"standard","meta":{"footnotes":""},"categories":[1,13],"tags":[],"class_list":["post-16666","post","type-post","status-publish","format-standard","hentry","category-noticias","category-pedagogico"],"_links":{"self":[{"href":"https:\/\/www.riogrande.rs.gov.br\/smed\/index.php?rest_route=\/wp\/v2\/posts\/16666"}],"collection":[{"href":"https:\/\/www.riogrande.rs.gov.br\/smed\/index.php?rest_route=\/wp\/v2\/posts"}],"about":[{"href":"https:\/\/www.riogrande.rs.gov.br\/smed\/index.php?rest_route=\/wp\/v2\/types\/post"}],"author":[{"embeddable":true,"href":"https:\/\/www.riogrande.rs.gov.br\/smed\/index.php?rest_route=\/wp\/v2\/users\/7"}],"replies":[{"embeddable":true,"href":"https:\/\/www.riogrande.rs.gov.br\/smed\/index.php?rest_route=%2Fwp%2Fv2%2Fcomments&post=16666"}],"version-history":[{"count":1,"href":"https:\/\/www.riogrande.rs.gov.br\/smed\/index.php?rest_route=\/wp\/v2\/posts\/16666\/revisions"}],"predecessor-version":[{"id":16669,"href":"https:\/\/www.riogrande.rs.gov.br\/smed\/index.php?rest_route=\/wp\/v2\/posts\/16666\/revisions\/16669"}],"wp:attachment":[{"href":"https:\/\/www.riogrande.rs.gov.br\/smed\/index.php?rest_route=%2Fwp%2Fv2%2Fmedia&parent=16666"}],"wp:term":[{"taxonomy":"category","embeddable":true,"href":"https:\/\/www.riogrande.rs.gov.br\/smed\/index.php?rest_route=%2Fwp%2Fv2%2Fcategories&post=16666"},{"taxonomy":"post_tag","embeddable":true,"href":"https:\/\/www.riogrande.rs.gov.br\/smed\/index.php?rest_route=%2Fwp%2Fv2%2Ftags&post=16666"}],"curies":[{"name":"wp","href":"https:\/\/api.w.org\/{rel}","templated":true}]}}