{"id":16650,"date":"2015-12-07T15:37:34","date_gmt":"2015-12-07T17:37:34","guid":{"rendered":"http:\/\/www.riogrande.rs.gov.br\/smed\/?p=16650"},"modified":"2015-12-07T17:00:11","modified_gmt":"2015-12-07T19:00:11","slug":"iii-seminario-municipal-de-estudos-do-pnaic-inicia-nesta-segunda-feira-07","status":"publish","type":"post","link":"https:\/\/www.riogrande.rs.gov.br\/smed\/?p=16650","title":{"rendered":"III Semin\u00e1rio Municipal de Estudos do PNAIC inicia nesta segunda-feira, 07"},"content":{"rendered":"<div id=\"attachment_16555\" style=\"width: 495px\" class=\"wp-caption aligncenter\"><a href=\"http:\/\/www.riogrande.rs.gov.br\/smed\/wp-content\/uploads\/2015\/12\/20151202-ped-pacto-image00.jpg\" rel=\"lightbox[16650]\"><img loading=\"lazy\" decoding=\"async\" aria-describedby=\"caption-attachment-16555\" class=\"size-medium wp-image-16555\" src=\"http:\/\/www.riogrande.rs.gov.br\/smed\/wp-content\/uploads\/2015\/12\/20151202-ped-pacto-image00-485x718.jpg\" alt=\"Divulga\u00e7\u00e3o\" width=\"485\" height=\"718\" srcset=\"https:\/\/www.riogrande.rs.gov.br\/smed\/wp-content\/uploads\/2015\/12\/20151202-ped-pacto-image00-485x718.jpg 485w, https:\/\/www.riogrande.rs.gov.br\/smed\/wp-content\/uploads\/2015\/12\/20151202-ped-pacto-image00-140x207.jpg 140w, https:\/\/www.riogrande.rs.gov.br\/smed\/wp-content\/uploads\/2015\/12\/20151202-ped-pacto-image00.jpg 800w\" sizes=\"(max-width: 485px) 100vw, 485px\" \/><\/a><p id=\"caption-attachment-16555\" class=\"wp-caption-text\">Divulga\u00e7\u00e3o<\/p><\/div>\n<p style=\"text-align: justify;\"><span style=\"font-weight: 400;\">A Secretaria de Munic\u00edpio da Educa\u00e7\u00e3o de Rio Grande (SMEd), atrav\u00e9s da Superintend\u00eancia de Gest\u00e3o Pedag\u00f3gica, promover\u00e1, nos dias <\/span><b>07 e 08 de dezembro<\/b><span style=\"font-weight: 400;\">, o I<\/span><b>II Semin\u00e1rio Municipal de Estudos do PNAIC<\/b><span style=\"font-weight: 400;\">, o qual \u00e9 dirigido aos Gestores Escolares e aos professores(as) participantes do Pacto Nacional pela Alfabetiza\u00e7\u00e3o na Idade Certa (PNAIC\/2015).<\/span><\/p>\n<p style=\"text-align: justify;\"><!--more--><\/p>\n<p style=\"text-align: justify;\"><span style=\"font-weight: 400;\">O Semin\u00e1rio acontecer\u00e1 em dois locais distintos: no dia 07 de dezembro, ser\u00e1 no Instituto Federal do Rio Grande do Sul (IFRS-C\u00e2mpus Rio Grande). J\u00e1 no dia 08, o Semin\u00e1rio ser\u00e1 realizado na Escola Municipal de Ensino Fundamental Helena Small. Nos dois dias, a atividade iniciar\u00e1 \u00e0s 18h.<\/span><\/p>\n<p style=\"text-align: justify;\"><span style=\"font-weight: 400;\">O III Semin\u00e1rio Municipal de Estudos do PNAIC \u00e9 a culmin\u00e2ncia dos estudos realizados com os(as) professores(as) alfabetizadores(as) da rede p\u00fablica municipal de ensino, atrav\u00e9s do PNAIC. O mesmo tem o intuito de compilar os estudos e os trabalhos realizados pelos(as) professores(as) alfabetizadores(as), dando maior visibilidade \u00e0s pr\u00e1ticas realizadas pelos mesmos em suas classes de alfabetiza\u00e7\u00e3o.<\/span><\/p>\n<p style=\"text-align: justify;\"><span style=\"font-weight: 400;\">Para obter maiores informa\u00e7\u00f5es sobre o III Semin\u00e1rio Municipal de Estudos do PNAIC, acesse o<\/span><a href=\"http:\/\/www.riogrande.rs.gov.br\/smed\/wp-content\/uploads\/2015\/12\/20151202-seminario_pacto.pdf\" target=\"_blank\"> <b><i>folder<\/i><\/b><\/a><b>.<\/b><\/p>\n<p style=\"text-align: right;\"><i>SMEd<\/i><\/p>\n","protected":false},"excerpt":{"rendered":"<p>A Secretaria de Munic\u00edpio da Educa\u00e7\u00e3o de Rio Grande (SMEd), atrav\u00e9s da Superintend\u00eancia de Gest\u00e3o Pedag\u00f3gica, promover\u00e1, nos dias 07 e 08 de dezembro, o III Semin\u00e1rio Municipal de Estudos do PNAIC, o qual \u00e9 dirigido aos Gestores Escolares e aos professores(as) participantes do Pacto Nacional pela Alfabetiza\u00e7\u00e3o na Idade Certa (PNAIC\/2015).<\/p>\n","protected":false},"author":7,"featured_media":0,"comment_status":"closed","ping_status":"closed","sticky":false,"template":"","format":"standard","meta":{"footnotes":""},"categories":[1,13],"tags":[],"class_list":["post-16650","post","type-post","status-publish","format-standard","hentry","category-noticias","category-pedagogico"],"_links":{"self":[{"href":"https:\/\/www.riogrande.rs.gov.br\/smed\/index.php?rest_route=\/wp\/v2\/posts\/16650"}],"collection":[{"href":"https:\/\/www.riogrande.rs.gov.br\/smed\/index.php?rest_route=\/wp\/v2\/posts"}],"about":[{"href":"https:\/\/www.riogrande.rs.gov.br\/smed\/index.php?rest_route=\/wp\/v2\/types\/post"}],"author":[{"embeddable":true,"href":"https:\/\/www.riogrande.rs.gov.br\/smed\/index.php?rest_route=\/wp\/v2\/users\/7"}],"replies":[{"embeddable":true,"href":"https:\/\/www.riogrande.rs.gov.br\/smed\/index.php?rest_route=%2Fwp%2Fv2%2Fcomments&post=16650"}],"version-history":[{"count":2,"href":"https:\/\/www.riogrande.rs.gov.br\/smed\/index.php?rest_route=\/wp\/v2\/posts\/16650\/revisions"}],"predecessor-version":[{"id":16665,"href":"https:\/\/www.riogrande.rs.gov.br\/smed\/index.php?rest_route=\/wp\/v2\/posts\/16650\/revisions\/16665"}],"wp:attachment":[{"href":"https:\/\/www.riogrande.rs.gov.br\/smed\/index.php?rest_route=%2Fwp%2Fv2%2Fmedia&parent=16650"}],"wp:term":[{"taxonomy":"category","embeddable":true,"href":"https:\/\/www.riogrande.rs.gov.br\/smed\/index.php?rest_route=%2Fwp%2Fv2%2Fcategories&post=16650"},{"taxonomy":"post_tag","embeddable":true,"href":"https:\/\/www.riogrande.rs.gov.br\/smed\/index.php?rest_route=%2Fwp%2Fv2%2Ftags&post=16650"}],"curies":[{"name":"wp","href":"https:\/\/api.w.org\/{rel}","templated":true}]}}