{"id":16643,"date":"2015-12-04T19:26:51","date_gmt":"2015-12-04T21:26:51","guid":{"rendered":"http:\/\/www.riogrande.rs.gov.br\/smed\/?p=16643"},"modified":"2015-12-04T19:27:07","modified_gmt":"2015-12-04T21:27:07","slug":"periodo-de-solicitacao-de-transferencia-escolares-na-rede-municipal-encerram-neste-domingo-6","status":"publish","type":"post","link":"https:\/\/www.riogrande.rs.gov.br\/smed\/?p=16643","title":{"rendered":"Per\u00edodo de solicita\u00e7\u00e3o de transfer\u00eancia escolares na Rede Municipal encerram neste domingo, 6"},"content":{"rendered":"<p class=\"sizeable\" style=\"text-align: justify;\">A Secretaria de Munic\u00edpio da Educa\u00e7\u00e3o (SMEd), atrav\u00e9s da Central de Matr\u00edculas, informa que o per\u00edodo de solicita\u00e7\u00e3o de transfer\u00eancias escolares na Rede P\u00fablica Municipal de Ensino, do 2\u00b0 ao 9\u00b0 ano do Ensino Fundamental\u00a0iniciaram na \u00faltima ter\u00e7a-feira\u00a0(1\u00ba) e encerram\u00a0neste domingo, dia 6.<\/p>\n<p class=\"sizeable\" style=\"text-align: justify;\"><!--more--><\/p>\n<p class=\"sizeable\" style=\"text-align: justify;\">As solicita\u00e7\u00f5es devem ser feitas atrav\u00e9s do endere\u00e7o (<strong><a class=\"sizeable\" href=\"http:\/\/www.riogrande.rs.gov.br\/matriculas\" target=\"_blank\">www.riogrande.rs.gov.br\/matriculas<\/a><\/strong>).<\/p>\n<p class=\"sizeable\" style=\"text-align: right;\"><em>SMEd<\/em><\/p>\n<div class=\"clr\"><\/div>\n<p>&nbsp;<\/p>\n","protected":false},"excerpt":{"rendered":"<p>A Secretaria de Munic\u00edpio da Educa\u00e7\u00e3o (SMEd), atrav\u00e9s da Central de Matr\u00edculas, informa que o per\u00edodo de solicita\u00e7\u00e3o de transfer\u00eancias escolares na Rede P\u00fablica Municipal de Ensino, do 2\u00b0 ao 9\u00b0 ano do Ensino Fundamental\u00a0iniciaram na \u00faltima ter\u00e7a-feira\u00a0(1\u00ba) e encerram\u00a0neste domingo, dia 6.<\/p>\n","protected":false},"author":7,"featured_media":0,"comment_status":"closed","ping_status":"closed","sticky":false,"template":"","format":"standard","meta":{"footnotes":""},"categories":[1,13],"tags":[],"class_list":["post-16643","post","type-post","status-publish","format-standard","hentry","category-noticias","category-pedagogico"],"_links":{"self":[{"href":"https:\/\/www.riogrande.rs.gov.br\/smed\/index.php?rest_route=\/wp\/v2\/posts\/16643"}],"collection":[{"href":"https:\/\/www.riogrande.rs.gov.br\/smed\/index.php?rest_route=\/wp\/v2\/posts"}],"about":[{"href":"https:\/\/www.riogrande.rs.gov.br\/smed\/index.php?rest_route=\/wp\/v2\/types\/post"}],"author":[{"embeddable":true,"href":"https:\/\/www.riogrande.rs.gov.br\/smed\/index.php?rest_route=\/wp\/v2\/users\/7"}],"replies":[{"embeddable":true,"href":"https:\/\/www.riogrande.rs.gov.br\/smed\/index.php?rest_route=%2Fwp%2Fv2%2Fcomments&post=16643"}],"version-history":[{"count":2,"href":"https:\/\/www.riogrande.rs.gov.br\/smed\/index.php?rest_route=\/wp\/v2\/posts\/16643\/revisions"}],"predecessor-version":[{"id":16645,"href":"https:\/\/www.riogrande.rs.gov.br\/smed\/index.php?rest_route=\/wp\/v2\/posts\/16643\/revisions\/16645"}],"wp:attachment":[{"href":"https:\/\/www.riogrande.rs.gov.br\/smed\/index.php?rest_route=%2Fwp%2Fv2%2Fmedia&parent=16643"}],"wp:term":[{"taxonomy":"category","embeddable":true,"href":"https:\/\/www.riogrande.rs.gov.br\/smed\/index.php?rest_route=%2Fwp%2Fv2%2Fcategories&post=16643"},{"taxonomy":"post_tag","embeddable":true,"href":"https:\/\/www.riogrande.rs.gov.br\/smed\/index.php?rest_route=%2Fwp%2Fv2%2Ftags&post=16643"}],"curies":[{"name":"wp","href":"https:\/\/api.w.org\/{rel}","templated":true}]}}