{"id":16627,"date":"2015-12-04T19:04:27","date_gmt":"2015-12-04T21:04:27","guid":{"rendered":"http:\/\/www.riogrande.rs.gov.br\/smed\/?p=16627"},"modified":"2015-12-04T19:04:27","modified_gmt":"2015-12-04T21:04:27","slug":"smed-realizou-formacao-para-os-monitores-da-educacao-inclusiva","status":"publish","type":"post","link":"https:\/\/www.riogrande.rs.gov.br\/smed\/?p=16627","title":{"rendered":"SMEd realizou Forma\u00e7\u00e3o para os Monitores da Educa\u00e7\u00e3o Inclusiva"},"content":{"rendered":"\n\t\t<style type=\"text\/css\">\n\t\t\t#gallery-1 {\n\t\t\t\tmargin: auto;\n\t\t\t}\n\t\t\t#gallery-1 .gallery-item {\n\t\t\t\tfloat: left;\n\t\t\t\tmargin-top: 10px;\n\t\t\t\ttext-align: center;\n\t\t\t\twidth: 33%;\n\t\t\t}\n\t\t\t#gallery-1 img {\n\t\t\t\tborder: 2px solid #cfcfcf;\n\t\t\t}\n\t\t\t#gallery-1 .gallery-caption {\n\t\t\t\tmargin-left: 0;\n\t\t\t}\n\t\t\t\/* see gallery_shortcode() in wp-includes\/media.php *\/\n\t\t<\/style>\n\t\t<div id='gallery-1' class='gallery galleryid-16627 gallery-columns-3 gallery-size-thumbnail'><dl class='gallery-item'>\n\t\t\t<dt class='gallery-icon landscape'>\n\t\t\t\t<a href='https:\/\/www.riogrande.rs.gov.br\/smed\/wp-content\/uploads\/2015\/12\/20151204-ped-inclusiva-image05.jpg' rel=\"lightbox[16627]\"><img loading=\"lazy\" decoding=\"async\" width=\"150\" height=\"150\" src=\"https:\/\/www.riogrande.rs.gov.br\/smed\/wp-content\/uploads\/2015\/12\/20151204-ped-inclusiva-image05-150x150.jpg\" class=\"attachment-thumbnail size-thumbnail\" alt=\"\" aria-describedby=\"gallery-1-16628\" \/><\/a>\n\t\t\t<\/dt>\n\t\t\t\t<dd class='wp-caption-text gallery-caption' id='gallery-1-16628'>\n\t\t\t\tCr\u00e9dito: N\u00facleo de Diversidade e Inclus\u00e3o\n\t\t\t\t<\/dd><\/dl><dl class='gallery-item'>\n\t\t\t<dt class='gallery-icon landscape'>\n\t\t\t\t<a href='https:\/\/www.riogrande.rs.gov.br\/smed\/wp-content\/uploads\/2015\/12\/20151204-ped-inclusiva-image04.jpg' rel=\"lightbox[16627]\"><img loading=\"lazy\" decoding=\"async\" width=\"150\" height=\"150\" src=\"https:\/\/www.riogrande.rs.gov.br\/smed\/wp-content\/uploads\/2015\/12\/20151204-ped-inclusiva-image04-150x150.jpg\" class=\"attachment-thumbnail size-thumbnail\" alt=\"\" aria-describedby=\"gallery-1-16629\" \/><\/a>\n\t\t\t<\/dt>\n\t\t\t\t<dd class='wp-caption-text gallery-caption' id='gallery-1-16629'>\n\t\t\t\tCr\u00e9dito: N\u00facleo de Diversidade e Inclus\u00e3o\n\t\t\t\t<\/dd><\/dl><dl class='gallery-item'>\n\t\t\t<dt class='gallery-icon landscape'>\n\t\t\t\t<a href='https:\/\/www.riogrande.rs.gov.br\/smed\/wp-content\/uploads\/2015\/12\/20151204-ped-inclusiva-image03.jpg' rel=\"lightbox[16627]\"><img loading=\"lazy\" decoding=\"async\" width=\"150\" height=\"150\" src=\"https:\/\/www.riogrande.rs.gov.br\/smed\/wp-content\/uploads\/2015\/12\/20151204-ped-inclusiva-image03-150x150.jpg\" class=\"attachment-thumbnail size-thumbnail\" alt=\"\" aria-describedby=\"gallery-1-16630\" \/><\/a>\n\t\t\t<\/dt>\n\t\t\t\t<dd class='wp-caption-text gallery-caption' id='gallery-1-16630'>\n\t\t\t\tCr\u00e9dito: N\u00facleo de Diversidade e Inclus\u00e3o\n\t\t\t\t<\/dd><\/dl><br style=\"clear: both\" \/><dl class='gallery-item'>\n\t\t\t<dt class='gallery-icon landscape'>\n\t\t\t\t<a href='https:\/\/www.riogrande.rs.gov.br\/smed\/wp-content\/uploads\/2015\/12\/20151204-ped-inclusiva-image02.jpg' rel=\"lightbox[16627]\"><img loading=\"lazy\" decoding=\"async\" width=\"150\" height=\"150\" src=\"https:\/\/www.riogrande.rs.gov.br\/smed\/wp-content\/uploads\/2015\/12\/20151204-ped-inclusiva-image02-150x150.jpg\" class=\"attachment-thumbnail size-thumbnail\" alt=\"\" aria-describedby=\"gallery-1-16631\" \/><\/a>\n\t\t\t<\/dt>\n\t\t\t\t<dd class='wp-caption-text gallery-caption' id='gallery-1-16631'>\n\t\t\t\tCr\u00e9dito: N\u00facleo de Diversidade e Inclus\u00e3o\n\t\t\t\t<\/dd><\/dl><dl class='gallery-item'>\n\t\t\t<dt class='gallery-icon landscape'>\n\t\t\t\t<a href='https:\/\/www.riogrande.rs.gov.br\/smed\/wp-content\/uploads\/2015\/12\/20151204-ped-inclusiva-image01.jpg' rel=\"lightbox[16627]\"><img loading=\"lazy\" decoding=\"async\" width=\"150\" height=\"150\" src=\"https:\/\/www.riogrande.rs.gov.br\/smed\/wp-content\/uploads\/2015\/12\/20151204-ped-inclusiva-image01-150x150.jpg\" class=\"attachment-thumbnail size-thumbnail\" alt=\"\" aria-describedby=\"gallery-1-16632\" \/><\/a>\n\t\t\t<\/dt>\n\t\t\t\t<dd class='wp-caption-text gallery-caption' id='gallery-1-16632'>\n\t\t\t\tCr\u00e9dito: N\u00facleo de Diversidade e Inclus\u00e3o\n\t\t\t\t<\/dd><\/dl><dl class='gallery-item'>\n\t\t\t<dt class='gallery-icon landscape'>\n\t\t\t\t<a href='https:\/\/www.riogrande.rs.gov.br\/smed\/wp-content\/uploads\/2015\/12\/20151204-ped-inclusiva-image00.jpg' rel=\"lightbox[16627]\"><img loading=\"lazy\" decoding=\"async\" width=\"150\" height=\"150\" src=\"https:\/\/www.riogrande.rs.gov.br\/smed\/wp-content\/uploads\/2015\/12\/20151204-ped-inclusiva-image00-150x150.jpg\" class=\"attachment-thumbnail size-thumbnail\" alt=\"\" aria-describedby=\"gallery-1-16633\" \/><\/a>\n\t\t\t<\/dt>\n\t\t\t\t<dd class='wp-caption-text gallery-caption' id='gallery-1-16633'>\n\t\t\t\tCr\u00e9dito: N\u00facleo de Diversidade e Inclus\u00e3o\n\t\t\t\t<\/dd><\/dl><br style=\"clear: both\" \/>\n\t\t<\/div>\n\n<p style=\"text-align: justify;\"><span style=\"font-weight: 400;\">Na manh\u00e3 do \u00faltimo s\u00e1bado, <\/span><b>28 de novembro<\/b><span style=\"font-weight: 400;\">, a Secretaria de Munic\u00edpio da Educa\u00e7\u00e3o de Rio Grande (SMEd), atrav\u00e9s do <\/span><b>N\u00facleo de Diversidade e Inclus\u00e3o<\/b><span style=\"font-weight: 400;\">, realizou mais uma forma\u00e7\u00e3o direcionada aos <\/span><b>Monitores da Educa\u00e7\u00e3o Inclusiva<\/b><span style=\"font-weight: 400;\"> que atuam nas escolas da rede p\u00fablica municipal de ensino.<\/span><\/p>\n<p style=\"text-align: justify;\"><!--more--><\/p>\n<p style=\"text-align: justify;\">\n<p style=\"text-align: justify;\"><span style=\"font-weight: 400;\">A forma\u00e7\u00e3o, que aconteceu no Centro de Forma\u00e7\u00e3o para a Diversidade Cultural e Inclus\u00e3o<\/span><b> Escola Viva<\/b><span style=\"font-weight: 400;\">, <\/span><span style=\"font-weight: 400;\">foi a atividade de fechamento do ano, tendo como objetivo dialogar e avaliar o trabalho realizado durante 2015.<\/span><\/p>\n<p style=\"text-align: justify;\"><span style=\"font-weight: 400;\">\u201c<\/span><b>No primeiro momento, acolhemos os monitores e agradecemos pelo trabalho que realizaram com os nossos alunos, destacando que eles s\u00e3o parte importante na constru\u00e7\u00e3o da inclus\u00e3o na educa\u00e7\u00e3o. Ap\u00f3s, aplicamos uma t\u00e9cnica em que agrupamos os participantes de acordo com cores, para compartilharem os nomes, escolas, alunos e os cursos em que realizam a gradua\u00e7\u00e3o. Nesta roda de conversa, solicitamos que relatassem os aspectos significativos do trabalho de monitoria e outros pontos que consideravam importantes de se avan\u00e7ar. Depois desta discuss\u00e3o, voltaram ao grande grupo, e um dos monitores de cada grupo foi eleito para falar sobre o que havia sido discutido anteriormente<\/b><span style=\"font-weight: 400;\">\u201d, explicou Luiza Bonneau, coordenadora do N\u00facleo de Educa\u00e7\u00e3o Inclusiva.<\/span><\/p>\n<p style=\"text-align: justify;\"><span style=\"font-weight: 400;\">De acordo com a coordena\u00e7\u00e3o do N\u00facleo, durante os relatos foram expressos muitos aspectos que as levaram a refletir, como por exemplo: \u201co aluno ensina o monitor a lidar com ele, e aprende-se o tempo todo\u201d, \u201cfam\u00edlia \u00e9 o pilar, e a escola s\u00e3o os bra\u00e7os\u201d, \u00a0\u201co trabalho com eles est\u00e1 sendo desafiador\u201d, \u201ca inclus\u00e3o tem muito a crescer\u201d, \u201csempre tentar deixar a aluna cada vez mais independente\u201d, \u201csaber chegar na professora da sala de aula, ir comendo o mingau pelas bordas\u201d, \u201cas atividades podem ser diferentes, desde que sejam dentro do contexto\u201d.<\/span><\/p>\n<p style=\"text-align: justify;\"><span style=\"font-weight: 400;\">\u201c<\/span><b>Escutar os relatos dos monitores \u00e9 enriquecedor para todos e nos proporciona saber como eles est\u00e3o enxergando sua rela\u00e7\u00e3o com o aluno, ou seja, com a escola como um todo. Para n\u00f3s fica claro que a inclus\u00e3o \u00e9 uma constru\u00e7\u00e3o, sendo assim, estamos a cada dia, a cada ano, buscando novas a\u00e7\u00f5es e estrat\u00e9gias com o objetivo de sempre ir aprimorando e consolidando a inclus\u00e3o em nossas escolas da rede municipal<\/b><span style=\"font-weight: 400;\">\u201d, finalizou Luiza Bonneau.<\/span><\/p>\n<p style=\"text-align: right;\"><em>SMEd<\/em><br \/>\n<em> Roberton Reis<\/em><\/p>\n","protected":false},"excerpt":{"rendered":"<p>Na manh\u00e3 do \u00faltimo s\u00e1bado, 28 de novembro, a Secretaria de Munic\u00edpio da Educa\u00e7\u00e3o de Rio Grande (SMEd), atrav\u00e9s do N\u00facleo de Diversidade e Inclus\u00e3o, realizou mais uma forma\u00e7\u00e3o direcionada aos Monitores da Educa\u00e7\u00e3o Inclusiva que atuam nas escolas da rede p\u00fablica municipal de ensino.<\/p>\n","protected":false},"author":7,"featured_media":0,"comment_status":"closed","ping_status":"closed","sticky":false,"template":"","format":"standard","meta":{"footnotes":""},"categories":[1,13],"tags":[],"class_list":["post-16627","post","type-post","status-publish","format-standard","hentry","category-noticias","category-pedagogico"],"_links":{"self":[{"href":"https:\/\/www.riogrande.rs.gov.br\/smed\/index.php?rest_route=\/wp\/v2\/posts\/16627"}],"collection":[{"href":"https:\/\/www.riogrande.rs.gov.br\/smed\/index.php?rest_route=\/wp\/v2\/posts"}],"about":[{"href":"https:\/\/www.riogrande.rs.gov.br\/smed\/index.php?rest_route=\/wp\/v2\/types\/post"}],"author":[{"embeddable":true,"href":"https:\/\/www.riogrande.rs.gov.br\/smed\/index.php?rest_route=\/wp\/v2\/users\/7"}],"replies":[{"embeddable":true,"href":"https:\/\/www.riogrande.rs.gov.br\/smed\/index.php?rest_route=%2Fwp%2Fv2%2Fcomments&post=16627"}],"version-history":[{"count":1,"href":"https:\/\/www.riogrande.rs.gov.br\/smed\/index.php?rest_route=\/wp\/v2\/posts\/16627\/revisions"}],"predecessor-version":[{"id":16634,"href":"https:\/\/www.riogrande.rs.gov.br\/smed\/index.php?rest_route=\/wp\/v2\/posts\/16627\/revisions\/16634"}],"wp:attachment":[{"href":"https:\/\/www.riogrande.rs.gov.br\/smed\/index.php?rest_route=%2Fwp%2Fv2%2Fmedia&parent=16627"}],"wp:term":[{"taxonomy":"category","embeddable":true,"href":"https:\/\/www.riogrande.rs.gov.br\/smed\/index.php?rest_route=%2Fwp%2Fv2%2Fcategories&post=16627"},{"taxonomy":"post_tag","embeddable":true,"href":"https:\/\/www.riogrande.rs.gov.br\/smed\/index.php?rest_route=%2Fwp%2Fv2%2Ftags&post=16627"}],"curies":[{"name":"wp","href":"https:\/\/api.w.org\/{rel}","templated":true}]}}