{"id":14569,"date":"2015-08-12T14:01:07","date_gmt":"2015-08-12T17:01:07","guid":{"rendered":"http:\/\/www.riogrande.rs.gov.br\/smed\/?p=14569"},"modified":"2015-08-12T14:01:07","modified_gmt":"2015-08-12T17:01:07","slug":"escola-bilingue-recebe-alunos-da-eja","status":"publish","type":"post","link":"https:\/\/www.riogrande.rs.gov.br\/smed\/?p=14569","title":{"rendered":"ESCOLA BIL\u00cdNGUE RECEBE ALUNOS DA EJA"},"content":{"rendered":"\n\t\t<style type=\"text\/css\">\n\t\t\t#gallery-1 {\n\t\t\t\tmargin: auto;\n\t\t\t}\n\t\t\t#gallery-1 .gallery-item {\n\t\t\t\tfloat: left;\n\t\t\t\tmargin-top: 10px;\n\t\t\t\ttext-align: center;\n\t\t\t\twidth: 33%;\n\t\t\t}\n\t\t\t#gallery-1 img {\n\t\t\t\tborder: 2px solid #cfcfcf;\n\t\t\t}\n\t\t\t#gallery-1 .gallery-caption {\n\t\t\t\tmargin-left: 0;\n\t\t\t}\n\t\t\t\/* see gallery_shortcode() in wp-includes\/media.php *\/\n\t\t<\/style>\n\t\t<div id='gallery-1' class='gallery galleryid-14569 gallery-columns-3 gallery-size-thumbnail'><dl class='gallery-item'>\n\t\t\t<dt class='gallery-icon landscape'>\n\t\t\t\t<a href='https:\/\/www.riogrande.rs.gov.br\/smed\/wp-content\/uploads\/2015\/08\/45853_slider_home.jpg' rel=\"lightbox[14569]\"><img loading=\"lazy\" decoding=\"async\" width=\"150\" height=\"150\" src=\"https:\/\/www.riogrande.rs.gov.br\/smed\/wp-content\/uploads\/2015\/08\/45853_slider_home-150x150.jpg\" class=\"attachment-thumbnail size-thumbnail\" alt=\"Animados, casais recome\u00e7am os estudos juntos\" aria-describedby=\"gallery-1-14570\" \/><\/a>\n\t\t\t<\/dt>\n\t\t\t\t<dd class='wp-caption-text gallery-caption' id='gallery-1-14570'>\n\t\t\t\tCr\u00e9dito: Fabio Dutra\n\t\t\t\t<\/dd><\/dl><dl class='gallery-item'>\n\t\t\t<dt class='gallery-icon portrait'>\n\t\t\t\t<a href='https:\/\/www.riogrande.rs.gov.br\/smed\/wp-content\/uploads\/2015\/08\/45854_zoom.jpg' rel=\"lightbox[14569]\"><img loading=\"lazy\" decoding=\"async\" width=\"150\" height=\"150\" src=\"https:\/\/www.riogrande.rs.gov.br\/smed\/wp-content\/uploads\/2015\/08\/45854_zoom-150x150.jpg\" class=\"attachment-thumbnail size-thumbnail\" alt=\"P\u00e2mela vem da vizinha S\u00e3o Jos\u00e9 do Norte para assistir as aulas\" aria-describedby=\"gallery-1-14571\" \/><\/a>\n\t\t\t<\/dt>\n\t\t\t\t<dd class='wp-caption-text gallery-caption' id='gallery-1-14571'>\n\t\t\t\tCr\u00e9dito: Fabio Dutra\n\t\t\t\t<\/dd><\/dl><dl class='gallery-item'>\n\t\t\t<dt class='gallery-icon landscape'>\n\t\t\t\t<a href='https:\/\/www.riogrande.rs.gov.br\/smed\/wp-content\/uploads\/2015\/08\/45855_zoom.jpg' rel=\"lightbox[14569]\"><img loading=\"lazy\" decoding=\"async\" width=\"150\" height=\"150\" src=\"https:\/\/www.riogrande.rs.gov.br\/smed\/wp-content\/uploads\/2015\/08\/45855_zoom-150x150.jpg\" class=\"attachment-thumbnail size-thumbnail\" alt=\"Coordenadora da escola, Cristiane, abriu a aula inaugural\" aria-describedby=\"gallery-1-14572\" \/><\/a>\n\t\t\t<\/dt>\n\t\t\t\t<dd class='wp-caption-text gallery-caption' id='gallery-1-14572'>\n\t\t\t\tCr\u00e9dito: Fabio Dutra\n\t\t\t\t<\/dd><\/dl><br style=\"clear: both\" \/>\n\t\t<\/div>\n\n<p>Fonte: <strong><a href=\"http:\/\/www.jornalagora.com.br\/site\/content\/noticias\/detalhe.php?e=3&amp;n=76035\" target=\"_blank\">www.jornalagora.com.br<\/a><\/strong><\/p>\n<p><strong>Cerca de 20 alunos ingressaram na escola<\/strong><\/p>\n<p style=\"text-align: justify;\"><strong>Mais uma etapa foi vencida para a comunidade dos surdos do Munic\u00edpio. Nesta segunda-feira (10), uma nova modalidade de ensino foi inaugurada na Escola Municipal de Educa\u00e7\u00e3o Bil\u00edngue Carmem Regina Teixeira Baldino.<\/strong><\/p>\n<p style=\"text-align: justify;\"><!--more--><\/p>\n<p style=\"text-align: justify;\">\n<p style=\"text-align: justify;\">Na oportunidade, 19 alunos foram recebidos no espa\u00e7o, que est\u00e1 localizado na <strong>Escola Viva<\/strong> (avenida Portugal, 38). Os alunos, que t\u00eam de 20 a 58 anos, ingressaram na modalidade de <strong>Educa\u00e7\u00e3o de Jovens e Adultos<\/strong> (<strong>EJA<\/strong>).<\/p>\n<p style=\"text-align: justify;\">O principal foco do espa\u00e7o s\u00e3o os alunos surdos, mas qualquer pessoa que saiba fluentemente a <strong>L\u00edngua Brasileira de Sinais<\/strong> (<strong>Libras<\/strong>) pode ingressar na escola. A Libras \u00e9 a l\u00edngua oficial utilizada na escola e o portugu\u00eas \u00e9 utilizado somente na modalidade escrita.<\/p>\n<p style=\"text-align: justify;\">De acordo com a coordenadora da escola, <strong>Cristiane Lima Terra Fernandes<\/strong>, dos 19 alunos que ingressaram, dois n\u00e3o conhecem Libras. &#8220;Vai ser um desafio bem grande ensinar Libras, alfabetizar e realizar todo o restante do processo. Faz muitos anos que eles pararam de estudar, a maioria faz uns 20 anos para mais que n\u00e3o estuda&#8221;, salientou. Ela contou que a escola atender\u00e1 os 19 alunos do EJA, de segunda a sexta-feira, das 18h30min \u00e0s 22h30min.<\/p>\n<p style=\"text-align: justify;\"><strong>EJA<\/strong><\/p>\n<p style=\"text-align: justify;\">Conforme Cristiane, o EJA \u00e9 dividido em dois blocos, sendo que o primeiro corresponde aos anos iniciais e o segundo corresponde aos anos finais.<\/p>\n<p style=\"text-align: justify;\"><strong>O primeiro \u00e9 basicamente a alfabetiza\u00e7\u00e3o, os primeiros conte\u00fados e Libras. No segundo bloco, s\u00e3o os conte\u00fados de cada uma das disciplinas mais aprofundadas e Libras. O grande diferencial foi a disciplina de direitos e deveres, que inclu\u00edmos, porque eles n\u00e3o t\u00eam muito conhecimento sobre isso pela falta de comunica\u00e7\u00e3o com os outros. N\u00e3o sabem o que precisam fazer e n\u00e3o sabem do que s\u00e3o capazes. Falta informa\u00e7\u00f5es gerais de mundo. Vamos trabalhar em cima das necessidades deles<\/strong> &#8211; explica a coordenadora.<\/p>\n<p style=\"text-align: justify;\"><strong>Segunda l\u00edngua<\/strong><\/p>\n<p style=\"text-align: justify;\">Cristiane lembrou que o portugu\u00eas ser\u00e1 ensinado como segunda l\u00edngua, com foco no uso para os alunos, como por exemplo, em documentos e receitas.<\/p>\n<p style=\"text-align: justify;\"><strong>Queremos instrumentalizar eles para esta viv\u00eancia, nos lugares em que eles podem utilizar a escrita para se comunicarem. Desde mar\u00e7o at\u00e9 agora trabalhamos o plano espec\u00edfico de ensino do EJA, com aux\u00edlio da secretaria, partindo da realidade deles. Faz tempo que eles n\u00e3o est\u00e3o estudando, temos medo do impacto. Vamos ver e conversar para saber quais as expectativas deles sobre a escola. Vamos realizar palestras motivacionais tamb\u00e9m <\/strong>&#8211; ressalta ela.<\/p>\n<p style=\"text-align: justify;\">Segundo a coordenadora, o EJA Bil\u00edngue \u00e9 um sonho da comunidade h\u00e1 muitos anos e a felicidade pela realiza\u00e7\u00e3o \u00e9 muito grande. &#8220;Queremos que eles vejam este local como um espa\u00e7o de acolhimento e que eles sejam instrumentalizados para viverem melhor&#8221;, enfatiza.<\/p>\n<p style=\"text-align: justify;\"><strong>Retornando aos estudos<\/strong><\/p>\n<p style=\"text-align: justify;\">Ap\u00f3s 7 anos longe dos estudos, <strong>Kelen Parulla,\u00a0<\/strong>de 26 anos, e <strong>Rodrigo Perazzo,<\/strong> de 35 anos, resolveram retornar aos estudos juntos. E o casal tem um motivo muito nobre para isso. A maior motiva\u00e7\u00e3o deles chama-se\u00a0<strong>Bruno, que<\/strong>\u00a0tem apenas 6 aninhos. Bruno j\u00e1 \u00e9 bil\u00edngue \u2013 pois, desde o nascimento, observava os pais se comunicarem atrav\u00e9s da l\u00edngua dos sinais e agora est\u00e1 sendo afalbetizado no ensino regular.<\/p>\n<p style=\"text-align: justify;\"><strong>Ele me pergunta sobre as palavras e eu n\u00e3o consigo ajud\u00e1-lo, desta forma, eu vou perdendo de ajudar e de aprender. Ele oraliza e sinaliza, mas tem que aprender o portugu\u00eas tanto falado quanto escrito; sei que no futuro eu vou ajud\u00e1-lo e ele vai me ajudar<\/strong> &#8211; explica <strong>Kelen<\/strong>.<\/p>\n<p style=\"text-align: justify;\">Segundo ela, al\u00e9m de auxiliar o filho, outro fato foi a falta que sente da escola: \u201cEu sinto muita falta de estudar, parei na 6\u00aa s\u00e9rie, mas agora eu quero completar os estudos e estou muito feliz e animada de poder estar aqui no EJA\u201d, concluiu.<\/p>\n<p style=\"text-align: justify;\">Outro casal que voltou a estudar junto \u00e9 <strong>Maria da Concei\u00e7\u00e3o,\u00a0<\/strong>de 58 anos, e <strong>Jorge Luis da Costa<\/strong> de 55 anos. Ap\u00f3s quase 20 anos fora das salas de aula, o simp\u00e1tico casal esbanja alegria. \u201cSempre gostei muito de estudar, mas, infelizmente, n\u00e3o leio muito bem\u201d, conta <strong>Maria<\/strong>. No entanto, Jorge contou rindo, \u00e0 reportagem, que Maria voltou a estudar, na verdade, pra aprender a usar o computador.<\/p>\n<p style=\"text-align: justify;\">A jovem <strong>P\u00e2mela Amaral<\/strong>, de 19 anos, parou de estudar no ano passado, porque, segundo ela \u2013 que reside em S\u00e3o Jos\u00e9 do Norte \u2013 era muito dif\u00edcil chegar \u00e0 Escola e acabava sempre se atrasando para as aulas. Desta vez, P\u00e2mela promete n\u00e3o desistir novamente dos estudos. \u201cN\u00e3o vou mais parar, pretendo fazer faculdade para ser professora de artes\u201d, promete.<\/p>\n<p style=\"text-align: right;\">\n<p><em><strong>Por Aline Rodrigues\/Esther Louro<\/strong><\/em><\/p>\n","protected":false},"excerpt":{"rendered":"<p>Fonte: www.jornalagora.com.br Cerca de 20 alunos ingressaram na escola Mais uma etapa foi vencida para a comunidade dos surdos do Munic\u00edpio. Nesta segunda-feira (10), uma nova modalidade de ensino foi inaugurada na Escola Municipal de Educa\u00e7\u00e3o Bil\u00edngue Carmem Regina Teixeira Baldino.<\/p>\n","protected":false},"author":7,"featured_media":0,"comment_status":"closed","ping_status":"open","sticky":false,"template":"","format":"standard","meta":{"footnotes":""},"categories":[1],"tags":[],"class_list":["post-14569","post","type-post","status-publish","format-standard","hentry","category-noticias"],"_links":{"self":[{"href":"https:\/\/www.riogrande.rs.gov.br\/smed\/index.php?rest_route=\/wp\/v2\/posts\/14569"}],"collection":[{"href":"https:\/\/www.riogrande.rs.gov.br\/smed\/index.php?rest_route=\/wp\/v2\/posts"}],"about":[{"href":"https:\/\/www.riogrande.rs.gov.br\/smed\/index.php?rest_route=\/wp\/v2\/types\/post"}],"author":[{"embeddable":true,"href":"https:\/\/www.riogrande.rs.gov.br\/smed\/index.php?rest_route=\/wp\/v2\/users\/7"}],"replies":[{"embeddable":true,"href":"https:\/\/www.riogrande.rs.gov.br\/smed\/index.php?rest_route=%2Fwp%2Fv2%2Fcomments&post=14569"}],"version-history":[{"count":1,"href":"https:\/\/www.riogrande.rs.gov.br\/smed\/index.php?rest_route=\/wp\/v2\/posts\/14569\/revisions"}],"predecessor-version":[{"id":14573,"href":"https:\/\/www.riogrande.rs.gov.br\/smed\/index.php?rest_route=\/wp\/v2\/posts\/14569\/revisions\/14573"}],"wp:attachment":[{"href":"https:\/\/www.riogrande.rs.gov.br\/smed\/index.php?rest_route=%2Fwp%2Fv2%2Fmedia&parent=14569"}],"wp:term":[{"taxonomy":"category","embeddable":true,"href":"https:\/\/www.riogrande.rs.gov.br\/smed\/index.php?rest_route=%2Fwp%2Fv2%2Fcategories&post=14569"},{"taxonomy":"post_tag","embeddable":true,"href":"https:\/\/www.riogrande.rs.gov.br\/smed\/index.php?rest_route=%2Fwp%2Fv2%2Ftags&post=14569"}],"curies":[{"name":"wp","href":"https:\/\/api.w.org\/{rel}","templated":true}]}}